{"id":267,"date":"2023-07-29T19:40:34","date_gmt":"2023-07-29T19:40:34","guid":{"rendered":"https:\/\/www.blasorchester-meckenheim.de\/?p=267"},"modified":"2023-07-29T19:50:07","modified_gmt":"2023-07-29T19:50:07","slug":"gesucht-gefunden","status":"publish","type":"post","link":"https:\/\/www.blasorchester-meckenheim.de\/?p=267","title":{"rendered":"Gesucht \u2013 gefunden"},"content":{"rendered":"\n<p>Wir freuen uns, Ihnen unseren neuen Dirigenten vorstellen<\/p>\n\n\n\n<p>zu d\u00fcrfen: Jens B\u00f6hler.<\/p>\n\n\n\n<figure class=\"wp-block-image size-full is-resized\"><img decoding=\"async\" loading=\"lazy\" src=\"http:\/\/www.blasorchester-meckenheim.de\/wp-content\/uploads\/2023\/07\/jens.jpg\" alt=\"\" class=\"wp-image-268\" width=\"317\" height=\"316\" srcset=\"https:\/\/www.blasorchester-meckenheim.de\/wp-content\/uploads\/2023\/07\/jens.jpg 880w, https:\/\/www.blasorchester-meckenheim.de\/wp-content\/uploads\/2023\/07\/jens-300x300.jpg 300w, https:\/\/www.blasorchester-meckenheim.de\/wp-content\/uploads\/2023\/07\/jens-150x150.jpg 150w, https:\/\/www.blasorchester-meckenheim.de\/wp-content\/uploads\/2023\/07\/jens-768x766.jpg 768w\" sizes=\"(max-width: 317px) 100vw, 317px\" \/><\/figure>\n\n\n\n<p>Was als Aushilfe f\u00fcr ein paar Proben begann, ist jetzt zu einer festen Zusammenarbeit geworden. Jens \u00fcbernimmt ab sofort die musikalische Leitung unseres Orchester. Nach den schwierigen Coronajahren und dem letzten Jahr ohne Dirigent, wollen wir jetzt gemeinsam so richtig durchstarten.<\/p>\n\n\n\n<p>Seine musikalischen Wurzeln hat Jens im Musikverein Iggelheim. Erst als Saxophonist, dann als Leiter des Jugendorchesters und schlie\u00dflich als Dirigent des Stammorchesters hat er dort viele wertvolle Erfahrungen gesammelt und sich immer weiterentwickelt. Am Saxophon wird er seinem Verein weiter treu bleiben.<\/p>\n\n\n\n<p>Des weiteren ist er in der&nbsp; Blaskapelle Assenheim aktiv, zum einen als Tenorsaxophonist, zum anderen auch als Aushilfsdirigent.<\/p>\n\n\n\n<p>Er war au\u00dferdem zeitweise Mitglied der Rhine-River.BigBand Oberhausen und des Heeresmusikkorps 12 Veitsh\u00f6chheim.<\/p>\n\n\n\n<p>Und jetzt also eine neue Herausforderung. Jetzt das Blasorchester Meckenheim.<\/p>\n\n\n\n<p>An dieser neuen Aufgabe gereizt hat Jens vor allem unser abwechslungsreiches und zum Teil recht anspruchsvolles Repertoire. Er hat viele neue Ideen und sich offenbar einiges mit uns vorgenommen.<\/p>\n\n\n\n<p>Was aus dieser Zusammenarbeit wird, davon k\u00f6nnen Sie sich demn\u00e4chst selbst ein Bild machen. Zum Beispiel bei unserem Jahreskonzert am 18. November.<\/p>\n","protected":false},"excerpt":{"rendered":"<p>Wir freuen uns, Ihnen unseren neuen Dirigenten vorstellen zu d\u00fcrfen: Jens B\u00f6hler. Was als Aushilfe f\u00fcr ein paar Proben begann, ist jetzt zu einer festen Zusammenarbeit geworden. Jens \u00fcbernimmt ab sofort die musikalische Leitung unseres Orchester. Nach den schwierigen Coronajahren und dem letzten Jahr ohne Dirigent, wollen wir jetzt gemeinsam so richtig durchstarten. Seine musikalischen [&hellip;]<\/p>\n","protected":false},"author":2,"featured_media":0,"comment_status":"closed","ping_status":"closed","sticky":false,"template":"","format":"standard","meta":[],"categories":[1],"tags":[],"_links":{"self":[{"href":"https:\/\/www.blasorchester-meckenheim.de\/index.php?rest_route=\/wp\/v2\/posts\/267"}],"collection":[{"href":"https:\/\/www.blasorchester-meckenheim.de\/index.php?rest_route=\/wp\/v2\/posts"}],"about":[{"href":"https:\/\/www.blasorchester-meckenheim.de\/index.php?rest_route=\/wp\/v2\/types\/post"}],"author":[{"embeddable":true,"href":"https:\/\/www.blasorchester-meckenheim.de\/index.php?rest_route=\/wp\/v2\/users\/2"}],"replies":[{"embeddable":true,"href":"https:\/\/www.blasorchester-meckenheim.de\/index.php?rest_route=%2Fwp%2Fv2%2Fcomments&post=267"}],"version-history":[{"count":3,"href":"https:\/\/www.blasorchester-meckenheim.de\/index.php?rest_route=\/wp\/v2\/posts\/267\/revisions"}],"predecessor-version":[{"id":273,"href":"https:\/\/www.blasorchester-meckenheim.de\/index.php?rest_route=\/wp\/v2\/posts\/267\/revisions\/273"}],"wp:attachment":[{"href":"https:\/\/www.blasorchester-meckenheim.de\/index.php?rest_route=%2Fwp%2Fv2%2Fmedia&parent=267"}],"wp:term":[{"taxonomy":"category","embeddable":true,"href":"https:\/\/www.blasorchester-meckenheim.de\/index.php?rest_route=%2Fwp%2Fv2%2Fcategories&post=267"},{"taxonomy":"post_tag","embeddable":true,"href":"https:\/\/www.blasorchester-meckenheim.de\/index.php?rest_route=%2Fwp%2Fv2%2Ftags&post=267"}],"curies":[{"name":"wp","href":"https:\/\/api.w.org\/{rel}","templated":true}]}}